{"id":1257,"date":"2021-05-02T13:55:24","date_gmt":"2021-05-02T11:55:24","guid":{"rendered":"https:\/\/www.skalkaterchova.sk\/launch-of-the-kld-chleb-cabin-lift-again-from-7-5-2021\/"},"modified":"2021-05-02T13:55:27","modified_gmt":"2021-05-02T11:55:27","slug":"launch-of-the-kld-chleb-cabin-lift-again-from-7-5-2021","status":"publish","type":"post","link":"https:\/\/www.skalkaterchova.sk\/en\/launch-of-the-kld-chleb-cabin-lift-again-from-7-5-2021\/","title":{"rendered":"Launch of the KLD Chleb cabin lift again from 7.5.2021"},"content":{"rendered":"\t\t<div data-elementor-type=\"wp-post\" data-elementor-id=\"1257\" class=\"elementor elementor-1257 elementor-1246\" data-elementor-settings=\"[]\">\n\t\t\t\t\t\t<div class=\"elementor-inner\">\n\t\t\t\t\t\t\t<div class=\"elementor-section-wrap\">\n\t\t\t\t\t\t\t<section class=\"elementor-section elementor-top-section elementor-element elementor-element-71595902 elementor-section-full_width elementor-section-height-full elementor-section-height-default elementor-section-items-middle\" data-id=\"71595902\" data-element_type=\"section\">\n\t\t\t\t\t\t<div class=\"elementor-container elementor-column-gap-default\">\n\t\t\t\t\t\t\t<div class=\"elementor-row\">\n\t\t\t\t\t<div class=\"elementor-column elementor-col-33 elementor-top-column elementor-element elementor-element-7803429d\" data-id=\"7803429d\" data-element_type=\"column\" data-settings=\"{&quot;background_background&quot;:&quot;slideshow&quot;,&quot;background_slideshow_gallery&quot;:[{&quot;id&quot;:1248,&quot;url&quot;:&quot;https:\\\/\\\/www.skalkaterchova.sk\\\/wp-content\\\/uploads\\\/2021\\\/05\\\/IMG_20210430_133916.jpg&quot;}],&quot;background_slideshow_loop&quot;:&quot;yes&quot;,&quot;background_slideshow_slide_duration&quot;:5000,&quot;background_slideshow_slide_transition&quot;:&quot;fade&quot;,&quot;background_slideshow_transition_duration&quot;:500}\">\n\t\t\t<div class=\"elementor-column-wrap elementor-element-populated\">\n\t\t\t\t\t\t\t<div class=\"elementor-widget-wrap\">\n\t\t\t\t\t\t<div class=\"elementor-element elementor-element-3a59d7be elementor-widget elementor-widget-spacer\" data-id=\"3a59d7be\" data-element_type=\"widget\" data-widget_type=\"spacer.default\">\n\t\t\t\t<div class=\"elementor-widget-container\">\n\t\t\t\t\t<div class=\"elementor-spacer\">\n\t\t\t<div class=\"elementor-spacer-inner\"><\/div>\n\t\t<\/div>\n\t\t\t\t<\/div>\n\t\t\t\t<\/div>\n\t\t\t\t\t\t<\/div>\n\t\t\t\t\t<\/div>\n\t\t<\/div>\n\t\t\t\t<div class=\"elementor-column elementor-col-66 elementor-top-column elementor-element elementor-element-8964f2e\" data-id=\"8964f2e\" data-element_type=\"column\">\n\t\t\t<div class=\"elementor-column-wrap elementor-element-populated\">\n\t\t\t\t\t\t\t<div class=\"elementor-widget-wrap\">\n\t\t\t\t\t\t<div class=\"elementor-element elementor-element-6925996 elementor-widget elementor-widget-heading\" data-id=\"6925996\" data-element_type=\"widget\" data-widget_type=\"heading.default\">\n\t\t\t\t<div class=\"elementor-widget-container\">\n\t\t\t<h3 class=\"elementor-heading-title elementor-size-default\">The cabin lift KLD Chleb is launched again from 7.5.2021<\/h3>\t\t<\/div>\n\t\t\t\t<\/div>\n\t\t\t\t<div class=\"elementor-element elementor-element-53b55515 elementor-widget elementor-widget-heading\" data-id=\"53b55515\" data-element_type=\"widget\" data-widget_type=\"heading.default\">\n\t\t\t\t<div class=\"elementor-widget-container\">\n\t\t\t<h4 class=\"elementor-heading-title elementor-size-default\">The KLD Chleb cable car is again n operation from 7.5.2021. Now every it works from Friday to Sunday from 9:00 to 16:00 (every hour). <\/h4>\t\t<\/div>\n\t\t\t\t<\/div>\n\t\t\t\t<div class=\"elementor-element elementor-element-4ad14c55 elementor-widget elementor-widget-spacer\" data-id=\"4ad14c55\" data-element_type=\"widget\" data-widget_type=\"spacer.default\">\n\t\t\t\t<div class=\"elementor-widget-container\">\n\t\t\t\t\t<div class=\"elementor-spacer\">\n\t\t\t<div class=\"elementor-spacer-inner\"><\/div>\n\t\t<\/div>\n\t\t\t\t<\/div>\n\t\t\t\t<\/div>\n\t\t\t\t<div class=\"elementor-element elementor-element-1f995131 elementor-share-buttons--view-icon elementor-share-buttons--skin-minimal elementor-share-buttons--align-right elementor-share-buttons--color-custom elementor-share-buttons--shape-square elementor-grid-0 elementor-widget elementor-widget-share-buttons\" data-id=\"1f995131\" data-element_type=\"widget\" data-widget_type=\"share-buttons.default\">\n\t\t\t\t<div class=\"elementor-widget-container\">\n\t\t\t\t\t<div class=\"elementor-grid\">\n\t\t\t\t\t\t\t\t<div class=\"elementor-grid-item\">\n\t\t\t\t\t\t<div class=\"elementor-share-btn elementor-share-btn_facebook\">\n\t\t\t\t\t\t\t\t\t\t\t\t\t\t\t<span class=\"elementor-share-btn__icon\">\n\t\t\t\t\t\t\t\t<i class=\"fab fa-facebook\"\n\t\t\t\t\t\t\t\t   aria-hidden=\"true\"><\/i>\n\t\t\t\t\t\t\t\t<span\n\t\t\t\t\t\t\t\t\tclass=\"elementor-screen-only\">Share on facebook<\/span>\n\t\t\t\t\t\t\t<\/span>\n\t\t\t\t\t\t\t\t\t\t\t\t\t\t\t\t\t\t\t\t<\/div>\n\t\t\t\t\t<\/div>\n\t\t\t\t\t\t\t\t\t<div class=\"elementor-grid-item\">\n\t\t\t\t\t\t<div class=\"elementor-share-btn elementor-share-btn_email\">\n\t\t\t\t\t\t\t\t\t\t\t\t\t\t\t<span class=\"elementor-share-btn__icon\">\n\t\t\t\t\t\t\t\t<i class=\"fas fa-envelope\"\n\t\t\t\t\t\t\t\t   aria-hidden=\"true\"><\/i>\n\t\t\t\t\t\t\t\t<span\n\t\t\t\t\t\t\t\t\tclass=\"elementor-screen-only\">Share on email<\/span>\n\t\t\t\t\t\t\t<\/span>\n\t\t\t\t\t\t\t\t\t\t\t\t\t\t\t\t\t\t\t\t<\/div>\n\t\t\t\t\t<\/div>\n\t\t\t\t\t\t\t\t\t<div class=\"elementor-grid-item\">\n\t\t\t\t\t\t<div class=\"elementor-share-btn elementor-share-btn_whatsapp\">\n\t\t\t\t\t\t\t\t\t\t\t\t\t\t\t<span class=\"elementor-share-btn__icon\">\n\t\t\t\t\t\t\t\t<i class=\"fab fa-whatsapp\"\n\t\t\t\t\t\t\t\t   aria-hidden=\"true\"><\/i>\n\t\t\t\t\t\t\t\t<span\n\t\t\t\t\t\t\t\t\tclass=\"elementor-screen-only\">Share on whatsapp<\/span>\n\t\t\t\t\t\t\t<\/span>\n\t\t\t\t\t\t\t\t\t\t\t\t\t\t\t\t\t\t\t\t<\/div>\n\t\t\t\t\t<\/div>\n\t\t\t\t\t\t<\/div>\n\t\t\t\t<\/div>\n\t\t\t\t<\/div>\n\t\t\t\t<div class=\"elementor-element elementor-element-418211ad elementor-widget elementor-widget-text-editor\" data-id=\"418211ad\" data-element_type=\"widget\" data-widget_type=\"text-editor.default\">\n\t\t\t\t<div class=\"elementor-widget-container\">\n\t\t\t\t\t<div class=\"elementor-text-editor elementor-clearfix\"><p><b>The KLD Chleb cable car<\/b> will take you to the ridge of Mala Fatra to <strong>Snilovsk\u00e9 sedlo.<\/strong> From here you can take different routes and enjoy the views. <\/p>\n<\/div>\n\t\t\t\t<\/div>\n\t\t\t\t<\/div>\n\t\t\t\t<div class=\"elementor-element elementor-element-75501376 elementor-widget elementor-widget-text-editor\" data-id=\"75501376\" data-element_type=\"widget\" data-widget_type=\"text-editor.default\">\n\t\t\t\t<div class=\"elementor-widget-container\">\n\t\t\t\t\t<div class=\"elementor-text-editor elementor-clearfix\"><p>You can go to <strong>Ve\u013ek\u00fd Kriv\u00e1\u0148 (1709 m.n.m)<\/strong>or to the end of <strong>Chleb (1646 m.n.m.).<\/strong> Both ends offer beautiful views and you can also make your ascent to another destinations. <\/p>\n<\/div>\n\t\t\t\t<\/div>\n\t\t\t\t<\/div>\n\t\t\t\t<div class=\"elementor-element elementor-element-65ed6a85 elementor-widget elementor-widget-text-editor\" data-id=\"65ed6a85\" data-element_type=\"widget\" data-widget_type=\"text-editor.default\">\n\t\t\t\t<div class=\"elementor-widget-container\">\n\t\t\t\t\t<div class=\"elementor-text-editor elementor-clearfix\"><p>Alternatively, you can go to<a href=\"http:\/\/www.chatachleb.sk\/\">Chata pod Chlebom<\/a>and have a snack there. <\/p>\n<\/div>\n\t\t\t\t<\/div>\n\t\t\t\t<\/div>\n\t\t\t\t<div class=\"elementor-element elementor-element-e9a3b2b elementor-widget elementor-widget-text-editor\" data-id=\"e9a3b2b\" data-element_type=\"widget\" data-widget_type=\"text-editor.default\">\n\t\t\t\t<div class=\"elementor-widget-container\">\n\t\t\t\t\t<div class=\"elementor-text-editor elementor-clearfix\"><p>We always recommend checking the operation of the cable car. Especially in bad weather, as the weather conditions affect its operation. You can check it either on the <a href=\"https:\/\/www.lanovky.sk\/?page=lan&amp;lan=58\">web<\/a>or directly by phone 0903 266 231. <\/p>\n<\/div>\n\t\t\t\t<\/div>\n\t\t\t\t<\/div>\n\t\t\t\t\t\t<\/div>\n\t\t\t\t\t<\/div>\n\t\t<\/div>\n\t\t\t\t\t\t\t\t<\/div>\n\t\t\t\t\t<\/div>\n\t\t<\/section>\n\t\t\t\t<section class=\"elementor-section elementor-top-section elementor-element elementor-element-292c895 elementor-section-boxed elementor-section-height-default elementor-section-height-default\" data-id=\"292c895\" data-element_type=\"section\">\n\t\t\t\t\t\t<div class=\"elementor-container elementor-column-gap-default\">\n\t\t\t\t\t\t\t<div class=\"elementor-row\">\n\t\t\t\t\t<div class=\"elementor-column elementor-col-100 elementor-top-column elementor-element elementor-element-7aec037\" data-id=\"7aec037\" data-element_type=\"column\">\n\t\t\t<div class=\"elementor-column-wrap elementor-element-populated\">\n\t\t\t\t\t\t\t<div class=\"elementor-widget-wrap\">\n\t\t\t\t\t\t<div class=\"elementor-element elementor-element-c6ba5c2 elementor-widget elementor-widget-heading\" data-id=\"c6ba5c2\" data-element_type=\"widget\" data-widget_type=\"heading.default\">\n\t\t\t\t<div class=\"elementor-widget-container\">\n\t\t\t<h3 class=\"elementor-heading-title elementor-size-default\">PRICE LIST OF INDIVIDUAL CABLEWAY RIDES VALID FROM 8.3.2021 TO 30.4.2021<\/h3>\t\t<\/div>\n\t\t\t\t<\/div>\n\t\t\t\t\t\t<\/div>\n\t\t\t\t\t<\/div>\n\t\t<\/div>\n\t\t\t\t\t\t\t\t<\/div>\n\t\t\t\t\t<\/div>\n\t\t<\/section>\n\t\t\t\t<section class=\"elementor-section elementor-top-section elementor-element elementor-element-1a8f7cd elementor-section-boxed elementor-section-height-default elementor-section-height-default\" data-id=\"1a8f7cd\" data-element_type=\"section\">\n\t\t\t\t\t\t<div class=\"elementor-container elementor-column-gap-default\">\n\t\t\t\t\t\t\t<div class=\"elementor-row\">\n\t\t\t\t\t<div class=\"elementor-column elementor-col-50 elementor-top-column elementor-element elementor-element-93bc4ac\" data-id=\"93bc4ac\" data-element_type=\"column\">\n\t\t\t<div class=\"elementor-column-wrap elementor-element-populated\">\n\t\t\t\t\t\t\t<div class=\"elementor-widget-wrap\">\n\t\t\t\t\t\t<div class=\"elementor-element elementor-element-604e861 elementor-widget elementor-widget-text-editor\" data-id=\"604e861\" data-element_type=\"widget\" data-widget_type=\"text-editor.default\">\n\t\t\t\t<div class=\"elementor-widget-container\">\n\t\t\t\t\t<div class=\"elementor-text-editor elementor-clearfix\"><table width=\"375\">\n<tbody>\n<tr>\n<td width=\"141\"><strong>Druh l\u00edstka<\/strong><\/td>\n<td width=\"78\"><strong>dospel\u00ed<\/strong><\/td>\n<td width=\"78\"><strong>seniori, juniori<\/strong><\/td>\n<td width=\"78\"><strong>deti<\/strong><\/td>\n<\/tr>\n<tr>\n<td>1 jazda LD Chleb<\/td>\n<td>12,00 \u20ac<\/td>\n<td>10,50 \u20ac<\/td>\n<td>9,00 \u20ac<\/td>\n<\/tr>\n<tr>\n<td>LD bato\u017eina h\/d<\/td>\n<td>4,00 \u20ac<\/td>\n<td>4,00 \u20ac<\/td>\n<td>4,00 \u20ac<\/td>\n<\/tr>\n<tr>\n<td>LD Chleb &#8211; hore + dole<\/td>\n<td>12,00 \u20ac<\/td>\n<td>10,50 \u20ac<\/td>\n<td>9,00 \u20ac<\/td>\n<\/tr>\n<tr>\n<td>LD Chleb &#8211; hore <\/td>\n<td>10,50 \u20ac<\/td>\n<td>9,50 \u20ac<\/td>\n<td>8,50 \u20ac<\/td>\n<\/tr>\n<tr>\n<td>LD Chleb &#8211; dole<\/td>\n<td>8,00 \u20ac<\/td>\n<td>9,00 \u20ac<\/td>\n<td>8,00 \u20ac<\/td>\n<\/tr>\n<tr>\n<td>bato\u017eina, pes<\/td>\n<td>4,00 \u20ac<\/td>\n<td> <\/td>\n<td> <\/td>\n<\/tr>\n<\/tbody>\n<\/table>\n<\/div>\n\t\t\t\t<\/div>\n\t\t\t\t<\/div>\n\t\t\t\t\t\t<\/div>\n\t\t\t\t\t<\/div>\n\t\t<\/div>\n\t\t\t\t<div class=\"elementor-column elementor-col-50 elementor-top-column elementor-element elementor-element-fe6858e\" data-id=\"fe6858e\" data-element_type=\"column\">\n\t\t\t<div class=\"elementor-column-wrap elementor-element-populated\">\n\t\t\t\t\t\t\t<div class=\"elementor-widget-wrap\">\n\t\t\t\t\t\t<div class=\"elementor-element elementor-element-ebcd9eb elementor-widget elementor-widget-text-editor\" data-id=\"ebcd9eb\" data-element_type=\"widget\" data-widget_type=\"text-editor.default\">\n\t\t\t\t<div class=\"elementor-widget-container\">\n\t\t\t\t\t<div class=\"elementor-text-editor elementor-clearfix\"><dl class=\"l_vysvetlivky_typy\">\n<dt><b>seniori,juniori<\/b><\/dt>\n<dd>Juniori od 13 do 19 rokov (vr\u00e1tane). Osoby nad 60 rokov a dr\u017eitelia preukazu Z\u0164P. N\u00e1rok na z\u013eavu je potrebn\u00e9 pri k\u00fape preuk\u00e1za\u0165 dokladom toto\u017enosti<br \/>Dr\u017eitelia kariet EURO&lt;26, GO&lt;26, ISIC a ITIC maj\u00fa n\u00e1rok na z\u013eavu pri k\u00fape 4-hodinov\u00e9ho, celodenn\u00e9ho a viacdenn\u00e9ho skipasu.<\/dd>\n<dt><b>deti<\/b><\/dt>\n<dd>Deti od 7 do 12 rokov (vr\u00e1tane) sa musia na po\u017eiadanie preuk\u00e1za\u0165 preukazom poistenca alebo cestovn\u00fdm pasom.<\/dd>\n<\/dl>\n<div class=\"l_vysvetlivky_obec\">Deti do 6 rokov (vr\u00e1tane) v doprovode dospelej osoby s platn\u00fdm skipasom cestuj\u00fa na dopravn\u00fdch zariadeniach bezplatne.<\/div>\n<\/div>\n\t\t\t\t<\/div>\n\t\t\t\t<\/div>\n\t\t\t\t\t\t<\/div>\n\t\t\t\t\t<\/div>\n\t\t<\/div>\n\t\t\t\t\t\t\t\t<\/div>\n\t\t\t\t\t<\/div>\n\t\t<\/section>\n\t\t\t\t\t\t<\/div>\n\t\t\t\t\t\t<\/div>\n\t\t\t\t\t<\/div>\n\t\t","protected":false},"excerpt":{"rendered":"<p>The cabin lift KLD Chleb is launched again from 7.5.2021 The KLD Chleb cable car is again n operation from 7.5.2021. Now every it works from Friday to Sunday from 9:00 to 16:00 (every hour). Share on facebook Share on email Share on whatsapp The KLD Chleb cable car will take you to the ridge [&hellip;]<\/p>\n","protected":false},"author":1,"featured_media":1250,"comment_status":"closed","ping_status":"open","sticky":false,"template":"","format":"standard","meta":{"_monsterinsights_skip_tracking":false,"_monsterinsights_sitenote_active":false,"_monsterinsights_sitenote_note":"","_monsterinsights_sitenote_category":0},"categories":[36,37],"tags":[],"yoast_head":"<!-- This site is optimized with the Yoast SEO Premium plugin v18.0 (Yoast SEO v19.4) - https:\/\/yoast.com\/wordpress\/plugins\/seo\/ -->\n<title>Launch of the KLD Chleb cabin lift again from 7.5.2021 - Apartments Skalka - Terchov\u00e1<\/title>\n<meta name=\"description\" content=\"Launch of the KLD Chleb cable car again from 7.5.2021. The Chleb cable car is in operation, again. Ascent to the ridge of Mala Fatra.\" \/>\n<meta name=\"robots\" content=\"index, follow, max-snippet:-1, max-image-preview:large, max-video-preview:-1\" \/>\n<link rel=\"canonical\" href=\"https:\/\/www.skalkaterchova.sk\/en\/launch-of-the-kld-chleb-cabin-lift-again-from-7-5-2021\/\" \/>\n<meta property=\"og:locale\" content=\"en_US\" \/>\n<meta property=\"og:type\" content=\"article\" \/>\n<meta property=\"og:title\" content=\"Launch of the KLD Chleb cabin lift again from 7.5.2021\" \/>\n<meta property=\"og:description\" content=\"Launch of the KLD Chleb cable car again from 7.5.2021. The Chleb cable car is in operation, again. Ascent to the ridge of Mala Fatra.\" \/>\n<meta property=\"og:url\" content=\"https:\/\/www.skalkaterchova.sk\/en\/launch-of-the-kld-chleb-cabin-lift-again-from-7-5-2021\/\" \/>\n<meta property=\"og:site_name\" content=\"Apartments Skalka - Terchov\u00e1\" \/>\n<meta property=\"article:publisher\" content=\"https:\/\/www.facebook.com\/apartmanyskalka\/\" \/>\n<meta property=\"article:published_time\" content=\"2021-05-02T11:55:24+00:00\" \/>\n<meta property=\"article:modified_time\" content=\"2021-05-02T11:55:27+00:00\" \/>\n<meta property=\"og:image\" content=\"https:\/\/www.skalkaterchova.sk\/wp-content\/uploads\/2021\/05\/IMG_20210430_133916.jpg\" \/>\n\t<meta property=\"og:image:width\" content=\"1075\" \/>\n\t<meta property=\"og:image:height\" content=\"1869\" \/>\n\t<meta property=\"og:image:type\" content=\"image\/jpeg\" \/>\n<meta name=\"author\" content=\"Majta\" \/>\n<meta name=\"twitter:card\" content=\"summary_large_image\" \/>\n<meta name=\"twitter:label1\" content=\"Written by\" \/>\n\t<meta name=\"twitter:data1\" content=\"Majta\" \/>\n\t<meta name=\"twitter:label2\" content=\"Est. reading time\" \/>\n\t<meta name=\"twitter:data2\" content=\"1 minute\" \/>\n<script type=\"application\/ld+json\" class=\"yoast-schema-graph\">{\"@context\":\"https:\/\/schema.org\",\"@graph\":[{\"@type\":\"Organization\",\"@id\":\"https:\/\/www.skalkaterchova.sk\/#organization\",\"name\":\"Apartm\u00e1ny Skalka\",\"url\":\"https:\/\/www.skalkaterchova.sk\/\",\"sameAs\":[\"https:\/\/www.instagram.com\/apartmany_skalka\/\",\"https:\/\/www.facebook.com\/apartmanyskalka\/\"],\"logo\":{\"@type\":\"ImageObject\",\"inLanguage\":\"en-US\",\"@id\":\"https:\/\/www.skalkaterchova.sk\/#\/schema\/logo\/image\/\",\"url\":\"https:\/\/www.skalkaterchova.sk\/wp-content\/uploads\/2020\/11\/cropped-apartmany_skalka_logo.png\",\"contentUrl\":\"https:\/\/www.skalkaterchova.sk\/wp-content\/uploads\/2020\/11\/cropped-apartmany_skalka_logo.png\",\"width\":512,\"height\":512,\"caption\":\"Apartm\u00e1ny Skalka\"},\"image\":{\"@id\":\"https:\/\/www.skalkaterchova.sk\/#\/schema\/logo\/image\/\"}},{\"@type\":\"WebSite\",\"@id\":\"https:\/\/www.skalkaterchova.sk\/#website\",\"url\":\"https:\/\/www.skalkaterchova.sk\/\",\"name\":\"Apartments Skalka - Terchov\u00e1\",\"description\":\"Apartments for families and friends\\n\",\"publisher\":{\"@id\":\"https:\/\/www.skalkaterchova.sk\/#organization\"},\"potentialAction\":[{\"@type\":\"SearchAction\",\"target\":{\"@type\":\"EntryPoint\",\"urlTemplate\":\"https:\/\/www.skalkaterchova.sk\/?s={search_term_string}\"},\"query-input\":\"required name=search_term_string\"}],\"inLanguage\":\"en-US\"},{\"@type\":\"WebPage\",\"@id\":\"https:\/\/www.skalkaterchova.sk\/en\/launch-of-the-kld-chleb-cabin-lift-again-from-7-5-2021\/\",\"url\":\"https:\/\/www.skalkaterchova.sk\/en\/launch-of-the-kld-chleb-cabin-lift-again-from-7-5-2021\/\",\"name\":\"Launch of the KLD Chleb cabin lift again from 7.5.2021 - Apartments Skalka - Terchov\u00e1\",\"isPartOf\":{\"@id\":\"https:\/\/www.skalkaterchova.sk\/#website\"},\"datePublished\":\"2021-05-02T11:55:24+00:00\",\"dateModified\":\"2021-05-02T11:55:27+00:00\",\"description\":\"Launch of the KLD Chleb cable car again from 7.5.2021. The Chleb cable car is in operation, again. Ascent to the ridge of Mala Fatra.\",\"breadcrumb\":{\"@id\":\"https:\/\/www.skalkaterchova.sk\/en\/launch-of-the-kld-chleb-cabin-lift-again-from-7-5-2021\/#breadcrumb\"},\"inLanguage\":\"en-US\",\"potentialAction\":[{\"@type\":\"ReadAction\",\"target\":[\"https:\/\/www.skalkaterchova.sk\/en\/launch-of-the-kld-chleb-cabin-lift-again-from-7-5-2021\/\"]}]},{\"@type\":\"BreadcrumbList\",\"@id\":\"https:\/\/www.skalkaterchova.sk\/en\/launch-of-the-kld-chleb-cabin-lift-again-from-7-5-2021\/#breadcrumb\",\"itemListElement\":[{\"@type\":\"ListItem\",\"position\":1,\"name\":\"Home\",\"item\":\"https:\/\/www.skalkaterchova.sk\/en\/\"},{\"@type\":\"ListItem\",\"position\":2,\"name\":\"Launch of the KLD Chleb cabin lift again from 7.5.2021\"}]},{\"@type\":\"Article\",\"@id\":\"https:\/\/www.skalkaterchova.sk\/en\/launch-of-the-kld-chleb-cabin-lift-again-from-7-5-2021\/#article\",\"isPartOf\":{\"@id\":\"https:\/\/www.skalkaterchova.sk\/en\/launch-of-the-kld-chleb-cabin-lift-again-from-7-5-2021\/\"},\"author\":{\"name\":\"Majta\",\"@id\":\"https:\/\/www.skalkaterchova.sk\/#\/schema\/person\/b27cb49e5704414efebb4a7c686e98a3\"},\"headline\":\"Launch of the KLD Chleb cabin lift again from 7.5.2021\",\"datePublished\":\"2021-05-02T11:55:24+00:00\",\"dateModified\":\"2021-05-02T11:55:27+00:00\",\"mainEntityOfPage\":{\"@id\":\"https:\/\/www.skalkaterchova.sk\/en\/launch-of-the-kld-chleb-cabin-lift-again-from-7-5-2021\/\"},\"wordCount\":291,\"publisher\":{\"@id\":\"https:\/\/www.skalkaterchova.sk\/#organization\"},\"articleSection\":[\"Information\",\"Trips\"],\"inLanguage\":\"en-US\"},{\"@type\":\"Person\",\"@id\":\"https:\/\/www.skalkaterchova.sk\/#\/schema\/person\/b27cb49e5704414efebb4a7c686e98a3\",\"name\":\"Majta\",\"image\":{\"@type\":\"ImageObject\",\"inLanguage\":\"en-US\",\"@id\":\"https:\/\/www.skalkaterchova.sk\/#\/schema\/person\/image\/\",\"url\":\"https:\/\/secure.gravatar.com\/avatar\/06c1baacbf47c81e808e07cedcf2daf4?s=96&d=mm&r=g\",\"contentUrl\":\"https:\/\/secure.gravatar.com\/avatar\/06c1baacbf47c81e808e07cedcf2daf4?s=96&d=mm&r=g\",\"caption\":\"Majta\"},\"sameAs\":[\"https:\/\/www.skalkaterchova.sk\"]}]}<\/script>\n<!-- \/ Yoast SEO Premium plugin. -->","yoast_head_json":{"title":"Launch of the KLD Chleb cabin lift again from 7.5.2021 - Apartments Skalka - Terchov\u00e1","description":"Launch of the KLD Chleb cable car again from 7.5.2021. The Chleb cable car is in operation, again. Ascent to the ridge of Mala Fatra.","robots":{"index":"index","follow":"follow","max-snippet":"max-snippet:-1","max-image-preview":"max-image-preview:large","max-video-preview":"max-video-preview:-1"},"canonical":"https:\/\/www.skalkaterchova.sk\/en\/launch-of-the-kld-chleb-cabin-lift-again-from-7-5-2021\/","og_locale":"en_US","og_type":"article","og_title":"Launch of the KLD Chleb cabin lift again from 7.5.2021","og_description":"Launch of the KLD Chleb cable car again from 7.5.2021. The Chleb cable car is in operation, again. Ascent to the ridge of Mala Fatra.","og_url":"https:\/\/www.skalkaterchova.sk\/en\/launch-of-the-kld-chleb-cabin-lift-again-from-7-5-2021\/","og_site_name":"Apartments Skalka - Terchov\u00e1","article_publisher":"https:\/\/www.facebook.com\/apartmanyskalka\/","article_published_time":"2021-05-02T11:55:24+00:00","article_modified_time":"2021-05-02T11:55:27+00:00","og_image":[{"width":1075,"height":1869,"url":"https:\/\/www.skalkaterchova.sk\/wp-content\/uploads\/2021\/05\/IMG_20210430_133916.jpg","type":"image\/jpeg"}],"author":"Majta","twitter_card":"summary_large_image","twitter_misc":{"Written by":"Majta","Est. reading time":"1 minute"},"schema":{"@context":"https:\/\/schema.org","@graph":[{"@type":"Organization","@id":"https:\/\/www.skalkaterchova.sk\/#organization","name":"Apartm\u00e1ny Skalka","url":"https:\/\/www.skalkaterchova.sk\/","sameAs":["https:\/\/www.instagram.com\/apartmany_skalka\/","https:\/\/www.facebook.com\/apartmanyskalka\/"],"logo":{"@type":"ImageObject","inLanguage":"en-US","@id":"https:\/\/www.skalkaterchova.sk\/#\/schema\/logo\/image\/","url":"https:\/\/www.skalkaterchova.sk\/wp-content\/uploads\/2020\/11\/cropped-apartmany_skalka_logo.png","contentUrl":"https:\/\/www.skalkaterchova.sk\/wp-content\/uploads\/2020\/11\/cropped-apartmany_skalka_logo.png","width":512,"height":512,"caption":"Apartm\u00e1ny Skalka"},"image":{"@id":"https:\/\/www.skalkaterchova.sk\/#\/schema\/logo\/image\/"}},{"@type":"WebSite","@id":"https:\/\/www.skalkaterchova.sk\/#website","url":"https:\/\/www.skalkaterchova.sk\/","name":"Apartments Skalka - Terchov\u00e1","description":"Apartments for families and friends\n","publisher":{"@id":"https:\/\/www.skalkaterchova.sk\/#organization"},"potentialAction":[{"@type":"SearchAction","target":{"@type":"EntryPoint","urlTemplate":"https:\/\/www.skalkaterchova.sk\/?s={search_term_string}"},"query-input":"required name=search_term_string"}],"inLanguage":"en-US"},{"@type":"WebPage","@id":"https:\/\/www.skalkaterchova.sk\/en\/launch-of-the-kld-chleb-cabin-lift-again-from-7-5-2021\/","url":"https:\/\/www.skalkaterchova.sk\/en\/launch-of-the-kld-chleb-cabin-lift-again-from-7-5-2021\/","name":"Launch of the KLD Chleb cabin lift again from 7.5.2021 - Apartments Skalka - Terchov\u00e1","isPartOf":{"@id":"https:\/\/www.skalkaterchova.sk\/#website"},"datePublished":"2021-05-02T11:55:24+00:00","dateModified":"2021-05-02T11:55:27+00:00","description":"Launch of the KLD Chleb cable car again from 7.5.2021. The Chleb cable car is in operation, again. Ascent to the ridge of Mala Fatra.","breadcrumb":{"@id":"https:\/\/www.skalkaterchova.sk\/en\/launch-of-the-kld-chleb-cabin-lift-again-from-7-5-2021\/#breadcrumb"},"inLanguage":"en-US","potentialAction":[{"@type":"ReadAction","target":["https:\/\/www.skalkaterchova.sk\/en\/launch-of-the-kld-chleb-cabin-lift-again-from-7-5-2021\/"]}]},{"@type":"BreadcrumbList","@id":"https:\/\/www.skalkaterchova.sk\/en\/launch-of-the-kld-chleb-cabin-lift-again-from-7-5-2021\/#breadcrumb","itemListElement":[{"@type":"ListItem","position":1,"name":"Home","item":"https:\/\/www.skalkaterchova.sk\/en\/"},{"@type":"ListItem","position":2,"name":"Launch of the KLD Chleb cabin lift again from 7.5.2021"}]},{"@type":"Article","@id":"https:\/\/www.skalkaterchova.sk\/en\/launch-of-the-kld-chleb-cabin-lift-again-from-7-5-2021\/#article","isPartOf":{"@id":"https:\/\/www.skalkaterchova.sk\/en\/launch-of-the-kld-chleb-cabin-lift-again-from-7-5-2021\/"},"author":{"name":"Majta","@id":"https:\/\/www.skalkaterchova.sk\/#\/schema\/person\/b27cb49e5704414efebb4a7c686e98a3"},"headline":"Launch of the KLD Chleb cabin lift again from 7.5.2021","datePublished":"2021-05-02T11:55:24+00:00","dateModified":"2021-05-02T11:55:27+00:00","mainEntityOfPage":{"@id":"https:\/\/www.skalkaterchova.sk\/en\/launch-of-the-kld-chleb-cabin-lift-again-from-7-5-2021\/"},"wordCount":291,"publisher":{"@id":"https:\/\/www.skalkaterchova.sk\/#organization"},"articleSection":["Information","Trips"],"inLanguage":"en-US"},{"@type":"Person","@id":"https:\/\/www.skalkaterchova.sk\/#\/schema\/person\/b27cb49e5704414efebb4a7c686e98a3","name":"Majta","image":{"@type":"ImageObject","inLanguage":"en-US","@id":"https:\/\/www.skalkaterchova.sk\/#\/schema\/person\/image\/","url":"https:\/\/secure.gravatar.com\/avatar\/06c1baacbf47c81e808e07cedcf2daf4?s=96&d=mm&r=g","contentUrl":"https:\/\/secure.gravatar.com\/avatar\/06c1baacbf47c81e808e07cedcf2daf4?s=96&d=mm&r=g","caption":"Majta"},"sameAs":["https:\/\/www.skalkaterchova.sk"]}]}},"_links":{"self":[{"href":"https:\/\/www.skalkaterchova.sk\/en\/wp-json\/wp\/v2\/posts\/1257"}],"collection":[{"href":"https:\/\/www.skalkaterchova.sk\/en\/wp-json\/wp\/v2\/posts"}],"about":[{"href":"https:\/\/www.skalkaterchova.sk\/en\/wp-json\/wp\/v2\/types\/post"}],"author":[{"embeddable":true,"href":"https:\/\/www.skalkaterchova.sk\/en\/wp-json\/wp\/v2\/users\/1"}],"replies":[{"embeddable":true,"href":"https:\/\/www.skalkaterchova.sk\/en\/wp-json\/wp\/v2\/comments?post=1257"}],"version-history":[{"count":3,"href":"https:\/\/www.skalkaterchova.sk\/en\/wp-json\/wp\/v2\/posts\/1257\/revisions"}],"predecessor-version":[{"id":1260,"href":"https:\/\/www.skalkaterchova.sk\/en\/wp-json\/wp\/v2\/posts\/1257\/revisions\/1260"}],"wp:featuredmedia":[{"embeddable":true,"href":"https:\/\/www.skalkaterchova.sk\/en\/wp-json\/wp\/v2\/media\/1250"}],"wp:attachment":[{"href":"https:\/\/www.skalkaterchova.sk\/en\/wp-json\/wp\/v2\/media?parent=1257"}],"wp:term":[{"taxonomy":"category","embeddable":true,"href":"https:\/\/www.skalkaterchova.sk\/en\/wp-json\/wp\/v2\/categories?post=1257"},{"taxonomy":"post_tag","embeddable":true,"href":"https:\/\/www.skalkaterchova.sk\/en\/wp-json\/wp\/v2\/tags?post=1257"}],"curies":[{"name":"wp","href":"https:\/\/api.w.org\/{rel}","templated":true}]}}